{"id":1462,"date":"2023-01-19T15:39:05","date_gmt":"2023-01-19T13:39:05","guid":{"rendered":"https:\/\/calagranadella.com\/karte\/"},"modified":"2024-09-05T18:59:28","modified_gmt":"2024-09-05T16:59:28","slug":"karte","status":"publish","type":"post","link":"https:\/\/calagranadella.com\/de\/karte\/","title":{"rendered":"Karte"},"content":{"rendered":"\n<p>Die Bucht von Granadella ist ein Strand in Javea, einer K\u00fcstenstadt im Norden der Provinz Alicante, in der autonomen Gemeinschaft Valencia, Spanien. Er liegt in einer Bucht, die von Steilk\u00fcsten und Vegetation umgeben ist, und gilt als einer der sch\u00f6nsten Str\u00e4nde der Region. Der Zugang erfolgt \u00fcber einen landschaftlich reizvollen Weg vom obersten Parkplatz aus oder \u00fcber einen Fu\u00dfweg. Der Strand ist sandig und kieselig und verf\u00fcgt \u00fcber Einrichtungen wie Restaurants, Sonnenschirm- und Liegestuhlverleih.   <\/p>\n\n<div style=\"height:46px\" aria-hidden=\"true\" class=\"wp-block-spacer\"><\/div>\n\n<h2 class=\"wp-block-heading\">Karte von Granadella Cove<\/h2>\n\n<iframe src=\"https:\/\/www.google.com\/maps\/embed?pb=!1m18!1m12!1m3!1d3785.4523729329962!2d0.19485791561254248!3d38.729578364423396!2m3!1f0!2f0!3f0!3m2!1i1024!2i768!4f13.1!3m3!1m2!1s0x129e0931da26f5df%3A0xf3dabf3f9151034f!2sPlaya%20de%20la%20Granadella!5e1!3m2!1ses!2ses!4v1674138962545!5m2!1ses!2ses\" width=\"600\" height=\"450\" style=\"border:0;\" allowfullscreen=\"\" loading=\"lazy\" referrerpolicy=\"no-referrer-when-downgrade\"><\/iframe>\n\n<div style=\"height:53px\" aria-hidden=\"true\" class=\"wp-block-spacer\"><\/div>\n\n<div style=\"height:60px\" aria-hidden=\"true\" class=\"wp-block-spacer\"><\/div>\n\n<p><\/p>\n\n<div style=\"font-size: 0px; height: 0px; line-height: 0px; margin: 0; padding: 0; clear: both;\"><\/div>","protected":false},"excerpt":{"rendered":"<p>Die Bucht von Granadella ist ein Strand in Javea, einer K\u00fcstenstadt im Norden der Provinz Alicante, in der autonomen Gemeinschaft Valencia, Spanien. Er liegt in einer Bucht, die von Steilk\u00fcsten und Vegetation umgeben ist, und gilt als einer der sch\u00f6nsten Str\u00e4nde der Region. Der Zugang erfolgt \u00fcber einen landschaftlich reizvollen Weg vom obersten Parkplatz aus&hellip;<\/p>\n","protected":false},"author":1,"featured_media":837,"comment_status":"closed","ping_status":"closed","sticky":false,"template":"","format":"standard","meta":{"_joinchat":[],"footnotes":""},"categories":[36],"tags":[],"class_list":["post-1462","post","type-post","status-publish","format-standard","has-post-thumbnail","hentry","category-blog-de","category-36","description-off"],"_links":{"self":[{"href":"https:\/\/calagranadella.com\/de\/wp-json\/wp\/v2\/posts\/1462","targetHints":{"allow":["GET"]}}],"collection":[{"href":"https:\/\/calagranadella.com\/de\/wp-json\/wp\/v2\/posts"}],"about":[{"href":"https:\/\/calagranadella.com\/de\/wp-json\/wp\/v2\/types\/post"}],"author":[{"embeddable":true,"href":"https:\/\/calagranadella.com\/de\/wp-json\/wp\/v2\/users\/1"}],"replies":[{"embeddable":true,"href":"https:\/\/calagranadella.com\/de\/wp-json\/wp\/v2\/comments?post=1462"}],"version-history":[{"count":1,"href":"https:\/\/calagranadella.com\/de\/wp-json\/wp\/v2\/posts\/1462\/revisions"}],"predecessor-version":[{"id":1463,"href":"https:\/\/calagranadella.com\/de\/wp-json\/wp\/v2\/posts\/1462\/revisions\/1463"}],"wp:featuredmedia":[{"embeddable":true,"href":"https:\/\/calagranadella.com\/de\/wp-json\/wp\/v2\/media\/837"}],"wp:attachment":[{"href":"https:\/\/calagranadella.com\/de\/wp-json\/wp\/v2\/media?parent=1462"}],"wp:term":[{"taxonomy":"category","embeddable":true,"href":"https:\/\/calagranadella.com\/de\/wp-json\/wp\/v2\/categories?post=1462"},{"taxonomy":"post_tag","embeddable":true,"href":"https:\/\/calagranadella.com\/de\/wp-json\/wp\/v2\/tags?post=1462"}],"curies":[{"name":"wp","href":"https:\/\/api.w.org\/{rel}","templated":true}]}}