{"id":1464,"date":"2023-01-19T14:04:46","date_gmt":"2023-01-19T12:04:46","guid":{"rendered":"https:\/\/calagranadella.com\/cala-granadella-valencia\/"},"modified":"2024-09-06T13:09:23","modified_gmt":"2024-09-06T11:09:23","slug":"cala-granadella-valencia","status":"publish","type":"post","link":"https:\/\/calagranadella.com\/de\/cala-granadella-valencia\/","title":{"rendered":"Granadella-Bucht Valencia"},"content":{"rendered":"\n<p>Die Bucht von Granadella in J\u00e1vea wird jedes Jahr von Tausenden von Touristen und Besuchern aufgesucht, egal in welchem Monat des Jahres. Es stimmt, dass in den Sommermonaten, von Juni bis September, die Zahl der Besucher in dieser Bucht exponentiell ansteigt, und das ist kein Wunder. Das mediterrane Klima in dieser Gegend und die spektakul\u00e4re Lage der Bucht machen dieses Reiseziel jedes Jahr zu einem MUSS f\u00fcr viele Menschen.   <\/p>\n\n<p>Jeden Tag kommen Besucher aus der ganzen Welt in die Bucht, aber es stimmt, dass viele Menschen aus Valencia kommen, das ist unbestreitbar. F\u00fcr viele Valencianer ist Cala Granadella ein festes Ziel in ihrem Urlaub.  <\/p>\n<div class=\"wp-block-image\">\n<figure class=\"aligncenter size-full\"><img loading=\"lazy\" decoding=\"async\" width=\"700\" height=\"392\" src=\"https:\/\/calagranadella.com\/wp-content\/uploads\/2023\/01\/Cala-Granadella-Valencia-1.jpg\" alt=\"\" class=\"wp-image-443\" srcset=\"https:\/\/calagranadella.com\/wp-content\/uploads\/2023\/01\/Cala-Granadella-Valencia-1.jpg 700w, https:\/\/calagranadella.com\/wp-content\/uploads\/2023\/01\/Cala-Granadella-Valencia-1-300x168.jpg 300w\" sizes=\"auto, (max-width: 700px) 100vw, 700px\" \/><figcaption class=\"wp-element-caption\">Granadella-Bucht Valencia<\/figcaption><\/figure>\n<\/div>\n<h2 class=\"wp-block-heading\"><strong>Wie kommt man von Valencia nach Granadella Cove?<\/strong><\/h2>\n\n<p>Cala Granadella in J\u00e1vea ist ein sch\u00f6ner Strand an der K\u00fcste von Alicante. Wenn Sie in Valencia sind und diesen Strand besuchen m\u00f6chten, gibt es mehrere M\u00f6glichkeiten, dorthin zu gelangen. <\/p>\n\n<p>Eine M\u00f6glichkeit ist, von Valencia aus mit dem Auto zu fahren. Die Entfernung betr\u00e4gt etwa 120 km und die Fahrtzeit etwa 1 Stunde und 30 Minuten. Sie k\u00f6nnen der N-332 bis nach Javea folgen und dann der Beschilderung nach Cala Granadella folgen. <\/p>\n\n<p>Eine weitere M\u00f6glichkeit ist die Fahrt mit dem Bus vom Busbahnhof Valencia nach J\u00e1vea. Die Busfahrt dauert etwa 2 Stunden und 30 Minuten. In J\u00e1vea angekommen, k\u00f6nnen Sie einen lokalen Bus oder ein Taxi zum Strand nehmen. Diese Option ist etwas umst\u00e4ndlicher und in Wahrheit ewig lang.   <\/p>\n\n<p>Sie k\u00f6nnen sich auch f\u00fcr eine Kombination aus \u00f6ffentlichen Verkehrsmitteln entscheiden, indem Sie den Zug von Valencia nach Denia nehmen und dann den Bus von Denia nach J\u00e1vea und schlie\u00dflich ein Taxi nach Cala Granadella. Wir empfehlen jedoch, die Reise mit dem Auto zu machen.  <\/p>\n\n<p>Wenn Sie sich f\u00fcr eine andere Bucht entscheiden, denken Sie daran, dass Sie nahe gelegene Buchten und <a href=\"https:\/\/calagranadella.com\/de\/aktivitaeten\/kajak\/\">Kajakausfl\u00fcge nach Cala Granadella<\/a> genie\u00dfen k\u00f6nnen. Es ist eine weitere M\u00f6glichkeit, den Strand zu genie\u00dfen.  <\/p>\n\n<p>In jedem Fall ist es ratsam, im Voraus zu planen und die Fahrpl\u00e4ne der Verkehrsbetriebe zu pr\u00fcfen, um sicherzustellen, dass Sie den Strand zur gew\u00fcnschten Zeit erreichen. Cala Granadella ist ein wunderbarer Ort, um die Sonne und das Meer zu genie\u00dfen und diese spektakul\u00e4re Bucht von J\u00e1vea kennenzulernen.  <\/p>\n\n<p><\/p>\n\n<p>Hier finden Sie die Wegbeschreibung f\u00fcr die Strecke von Valencia nach Cala Granadella <\/p>\n\n<div style=\"height:53px\" aria-hidden=\"true\" class=\"wp-block-spacer\"><\/div>\n\n<iframe src=\"https:\/\/www.google.com\/maps\/embed?pb=!1m28!1m12!1m3!1d396323.7983735132!2d-0.3892554354145079!3d39.10010240934493!2m3!1f0!2f0!3f0!3m2!1i1024!2i768!4f13.1!4m13!3e0!4m5!1s0xd604f4cf0efb06f%3A0xb4a351011f7f1d39!2zVmFsw6huY2lh!3m2!1d39.4699075!2d-0.37628809999999996!4m5!1s0x129e093036d242c5%3A0x3097f14d687a45ad!2sPlaya%20de%20la%20Granadella%2C%2003738!3m2!1d38.728656699999995!2d0.1961717!5e0!3m2!1ses-419!2ses!4v1674133311512!5m2!1ses-419!2ses\" width=\"600\" height=\"450\" style=\"border:0;\" allowfullscreen=\"\" loading=\"lazy\" referrerpolicy=\"no-referrer-when-downgrade\"><\/iframe>\n\n<div style=\"height:60px\" aria-hidden=\"true\" class=\"wp-block-spacer\"><\/div>\n\n<script async=\"\" src=\"https:\/\/pagead2.googlesyndication.com\/pagead\/js\/adsbygoogle.js?client=ca-pub-2212405332688628\" crossorigin=\"anonymous\"><\/script><ins class=\"adsbygoogle\" style=\"display:block\" data-ad-format=\"autorelaxed\" data-ad-client=\"ca-pub-2212405332688628\" data-ad-slot=\"1000955395\"><\/ins><script>(adsbygoogle = window.adsbygoogle || []).push({});\n<\/script>\n\n<div style=\"font-size: 0px; height: 0px; line-height: 0px; margin: 0; padding: 0; clear: both;\"><\/div>","protected":false},"excerpt":{"rendered":"<p>Die Bucht von Granadella in J\u00e1vea wird jedes Jahr von Tausenden von Touristen und Besuchern aufgesucht, egal in welchem Monat des Jahres. Es stimmt, dass in den Sommermonaten, von Juni bis September, die Zahl der Besucher in dieser Bucht exponentiell ansteigt, und das ist kein Wunder. Das mediterrane Klima in dieser Gegend und die spektakul\u00e4re&hellip;<\/p>\n","protected":false},"author":1,"featured_media":833,"comment_status":"closed","ping_status":"closed","sticky":false,"template":"","format":"standard","meta":{"_joinchat":[],"footnotes":""},"categories":[36],"tags":[],"class_list":["post-1464","post","type-post","status-publish","format-standard","has-post-thumbnail","hentry","category-blog-de","category-36","description-off"],"_links":{"self":[{"href":"https:\/\/calagranadella.com\/de\/wp-json\/wp\/v2\/posts\/1464","targetHints":{"allow":["GET"]}}],"collection":[{"href":"https:\/\/calagranadella.com\/de\/wp-json\/wp\/v2\/posts"}],"about":[{"href":"https:\/\/calagranadella.com\/de\/wp-json\/wp\/v2\/types\/post"}],"author":[{"embeddable":true,"href":"https:\/\/calagranadella.com\/de\/wp-json\/wp\/v2\/users\/1"}],"replies":[{"embeddable":true,"href":"https:\/\/calagranadella.com\/de\/wp-json\/wp\/v2\/comments?post=1464"}],"version-history":[{"count":1,"href":"https:\/\/calagranadella.com\/de\/wp-json\/wp\/v2\/posts\/1464\/revisions"}],"predecessor-version":[{"id":1465,"href":"https:\/\/calagranadella.com\/de\/wp-json\/wp\/v2\/posts\/1464\/revisions\/1465"}],"wp:featuredmedia":[{"embeddable":true,"href":"https:\/\/calagranadella.com\/de\/wp-json\/wp\/v2\/media\/833"}],"wp:attachment":[{"href":"https:\/\/calagranadella.com\/de\/wp-json\/wp\/v2\/media?parent=1464"}],"wp:term":[{"taxonomy":"category","embeddable":true,"href":"https:\/\/calagranadella.com\/de\/wp-json\/wp\/v2\/categories?post=1464"},{"taxonomy":"post_tag","embeddable":true,"href":"https:\/\/calagranadella.com\/de\/wp-json\/wp\/v2\/tags?post=1464"}],"curies":[{"name":"wp","href":"https:\/\/api.w.org\/{rel}","templated":true}]}}