{"id":1466,"date":"2022-12-28T10:32:45","date_gmt":"2022-12-28T08:32:45","guid":{"rendered":"https:\/\/calagranadella.com\/cala-granadella-denia\/"},"modified":"2024-09-06T13:11:52","modified_gmt":"2024-09-06T11:11:52","slug":"cala-granadella-denia","status":"publish","type":"post","link":"https:\/\/calagranadella.com\/de\/cala-granadella-denia\/","title":{"rendered":"Granadella-Bucht Denia"},"content":{"rendered":"<p>[vc_row][vc_column][vc_column_text]<\/p>\nEn J\u00e1vea podr\u00e1s encontrar la tan conocida cala Granadella, una cala paradis\u00edaca que cada verano recibe a miles de turistas. Por otro lado est\u00e1 Denia, una peque\u00f1a ciudad situada al lado de J\u00e1vea que cada verano tambi\u00e9n recibe a much\u00edsimos turistas. Si est\u00e1s veraneando en D\u00e9nia o est\u00e1s por la zona, te aconsejamos que visites la cala Granadella al menos una vez, y para ello debes conocer datos importantes del <a href=\"https:\/\/calagranadella.com\/reserva\/\">acceso a la misma cala<\/a>.\u00a0&#13;\n<p>\nHay muchas personas que pasan sus vacaciones o sus veranos en Denia, pero no por ello hay que dejar de disfrutar de calas o rincones de la costa vecina, una de ellas la Granadella, considerada una de las calas m\u00e1s bonitas de Espa\u00f1a.\u00a0\u00a0\r\n<p>&nbsp;<\/p>\n<div class=\"wp-block-image\">&#13;\n<figure class=\"aligncenter size-full\"><img loading=\"lazy\" decoding=\"async\" width=\"700\" height=\"390\" class=\"wp-image-439\" src=\"https:\/\/calagranadella.com\/wp-content\/uploads\/2022\/12\/Cala-Granadella-Denia-1.jpg\" alt=\"\" srcset=\"https:\/\/calagranadella.com\/wp-content\/uploads\/2022\/12\/Cala-Granadella-Denia-1.jpg 700w, https:\/\/calagranadella.com\/wp-content\/uploads\/2022\/12\/Cala-Granadella-Denia-1-300x167.jpg 300w\" sizes=\"auto, (max-width: 700px) 100vw, 700px\" \/>&#13;\n<figcaption class=\"wp-element-caption\">Granadella-Bucht Denia.<\/figcaption>&#13;\n<\/figure>&#13;\n<\/div><p>&nbsp;<\/p>\n&#13;\n<h2 class=\"wp-block-heading\">Wie kommt man von Denia nach Granadella Cove?<\/h2>&#13;\n<p>\nUna manera de ir desde Denia a Cala Granadella es con alguna de las actividades acu\u00e1ticas que hay cada verano, como una excursi\u00f3n en barco a la Granadella desde D\u00e9nia con comida incluida. Pero si decides ir desde Denia a Cala Granadella en coche, en la misma cala tambi\u00e9n puedes realizar diferentes <a href=\"https:\/\/calagranadella.com\/actividades\/\">actividades<\/a> muy divertidas.&#13;\n<p>&nbsp;<\/p>\n&#13;\n<h2 class=\"wp-block-heading\">Entfernung Denia Cala Granadella<\/h2>&#13;\n<p>\nPara ir desde Denia a la Cala Granadella te aconsejamos que hagas la ruta por carretera m\u00e1s corta que realmente son 22Km y tiene una duraci\u00f3n de trayecto de unos 40 minutos. La mejor opci\u00f3n siempre ser\u00e1 poner el Google Maps para que \u00e9ste te calcule el trayecto m\u00e1s \u00f3ptimo seg\u00fan tu ubicaci\u00f3n. La direcci\u00f3n de destino que deber\u00e1s poner es la Avenida Del Tio Catal\u00e1,41. Esta ubicaci\u00f3n te llevar\u00e1 hasta la misma cala, pero recuerda que el acceso a la playa no est\u00e1 siempre disponible y que deber\u00e1s ir temprano para poder aparcar lo m\u00e1s cerca posible.\u00a0\r\n<p>\nAqu\u00ed tienes las indicaciones para ir desde Denia a Cala Granadella\u00a0\r\n<p>&nbsp;<\/p>\n\r\n<div class=\"wp-block-spacer\" style=\"height: 53px;\" aria-hidden=\"true\">\u00a0<\/div>\r\n<p>\n<br\/><iframe loading=\"lazy\" style=\"border: 0;\" src=\"https:\/\/www.google.com\/maps\/embed?pb=!1m28!1m12!1m3!1d99521.70992497254!2d0.048340471403187465!3d38.78540936034496!2m3!1f0!2f0!3f0!3m2!1i1024!2i768!4f13.1!4m13!3e0!4m5!1s0x129e1b226dfbd341%3A0x86f3d778aff1e134!2sDenia!3m2!1d38.8387992!2d0.1050557!4m5!1s0x129e0931dea8879b%3A0x609c79f5283221c4!2sAv.%20del%20Tio%20Catala%2C%2041%2C%2003738%20J%C3%A1vea%2C%20Alicante!3m2!1d38.729805299999995!2d0.196627!5e0!3m2!1ses!2ses!4v1672219553996!5m2!1ses!2ses\" width=\"600\" height=\"450\" allowfullscreen=\"allowfullscreen\"><\/iframe><br\/><\/p>\n\r\n<div class=\"wp-block-spacer\" style=\"height: 60px;\" aria-hidden=\"true\">\u00a0<\/div>\r\n<p>&nbsp;<\/p>\n&#13;\n<p>\u00a0<\/p>&#13;\n<p>\n<br\/><script async=\"\" src=\"https:\/\/pagead2.googlesyndication.com\/pagead\/js\/adsbygoogle.js?client=ca-pub-2212405332688628\" crossorigin=\"anonymous\"><\/script><br\/><ins class=\"adsbygoogle\" style=\"display: block;\" data-ad-format=\"autorelaxed\" data-ad-client=\"ca-pub-2212405332688628\" data-ad-slot=\"1000955395\"><\/ins><br\/><script>\n     (adsbygoogle = window.adsbygoogle || []).push({});\n<\/script><br\/><p>[\/vc_column_text][\/vc_column][\/vc_row][vc_row][vc_column]<div id=\"ultimate-heading-318469eea1ce5d539\" class=\"uvc-heading ult-adjust-bottom-margin ultimate-heading-318469eea1ce5d539 uvc-3140 \" data-hspacer=\"no_spacer\"  data-halign=\"center\" style=\"text-align:center\"><div class=\"uvc-heading-spacer no_spacer\" style=\"top\"><\/div><div class=\"uvc-main-heading ult-responsive\"  data-ultimate-target='.uvc-heading.ultimate-heading-318469eea1ce5d539 h2'  data-responsive-json-new='{\"font-size\":\"\",\"line-height\":\"\"}' ><h2 style=\"font-weight:normal;margin-top:20px;margin-bottom:20px;\">Aktivit\u00e4ten in der N\u00e4he von Granadella<\/h2><\/div><\/div>[\/vc_column][\/vc_row][vc_row][vc_column width=&#8220;1\/3&#8243;][vc_single_image image=&#8220;661&#8243; img_size=&#8220;full&#8220; alignment=&#8220;center&#8220; onclick=&#8220;custom_link&#8220; link=&#8220;https:\/\/marinalia.es\/deporte-y-aventura\/excursiones-en-el-mar\/excursiones-en-barco\/639-excursion-barco-javea-a-los-3-cabos.html&#8220;][vc_single_image image=&#8220;659&#8243; img_size=&#8220;full&#8220; alignment=&#8220;center&#8220; onclick=&#8220;custom_link&#8220; link=&#8220;https:\/\/marinalia.es\/deporte-y-aventura\/deportes-acuaticos\/518-alquiler-de-paddle-surf-en-javea.html&#8220;][\/vc_column][vc_column width=&#8220;1\/3&#8243;][vc_single_image image=&#8220;655&#8243; img_size=&#8220;full&#8220; alignment=&#8220;center&#8220; onclick=&#8220;custom_link&#8220; link=&#8220;https:\/\/marinalia.es\/deporte-y-aventura\/excursiones-en-el-mar\/atardecer-barco\/647-puesta-de-sol-barco-javea.html&#8220;][vc_single_image image=&#8220;667&#8243; img_size=&#8220;full&#8220; alignment=&#8220;center&#8220; onclick=&#8220;custom_link&#8220; link=&#8220;https:\/\/marinalia.es\/deporte-y-aventura\/deportes-acuaticos\/buceo-y-snorkel\/14-excursion-en-barco-al-cabo-la-nao-y-snorkeling.html&#8220;][\/vc_column][vc_column width=&#8220;1\/3&#8243;][vc_single_image image=&#8220;656&#8243; img_size=&#8220;full&#8220; alignment=&#8220;center&#8220; onclick=&#8220;custom_link&#8220; link=&#8220;https:\/\/marinalia.es\/deporte-y-aventura\/deportes-acuaticos\/buceo-y-snorkel\/640-paseo-catamaran-javea.html&#8220;][vc_single_image image=&#8220;654&#8243; img_size=&#8220;full&#8220; alignment=&#8220;center&#8220; onclick=&#8220;custom_link&#8220; link=&#8220;https:\/\/marinalia.es\/deporte-y-aventura\/excursiones-en-el-mar\/excursiones-en-kayak\/1144-excursion-kayak-cala-tango-javea.html&#8220;][\/vc_column][\/vc_row]<\/p>\n\n<div style=\"font-size: 0px; height: 0px; line-height: 0px; margin: 0; padding: 0; clear: both;\"><\/div>","protected":false},"excerpt":{"rendered":"<p>[vc_row][vc_column][vc_column_text] En J\u00e1vea podr\u00e1s encontrar la tan conocida cala Granadella, una cala paradis\u00edaca que cada verano recibe a miles de turistas. Por otro lado est\u00e1 Denia, una peque\u00f1a ciudad situada al lado de J\u00e1vea que cada verano tambi\u00e9n recibe a much\u00edsimos turistas. Si est\u00e1s veraneando en D\u00e9nia o est\u00e1s por la zona, te aconsejamos que&hellip;<\/p>\n","protected":false},"author":1,"featured_media":821,"comment_status":"closed","ping_status":"closed","sticky":false,"template":"","format":"standard","meta":{"_joinchat":[],"footnotes":""},"categories":[36],"tags":[],"class_list":["post-1466","post","type-post","status-publish","format-standard","has-post-thumbnail","hentry","category-blog-de","category-36","description-off"],"_links":{"self":[{"href":"https:\/\/calagranadella.com\/de\/wp-json\/wp\/v2\/posts\/1466","targetHints":{"allow":["GET"]}}],"collection":[{"href":"https:\/\/calagranadella.com\/de\/wp-json\/wp\/v2\/posts"}],"about":[{"href":"https:\/\/calagranadella.com\/de\/wp-json\/wp\/v2\/types\/post"}],"author":[{"embeddable":true,"href":"https:\/\/calagranadella.com\/de\/wp-json\/wp\/v2\/users\/1"}],"replies":[{"embeddable":true,"href":"https:\/\/calagranadella.com\/de\/wp-json\/wp\/v2\/comments?post=1466"}],"version-history":[{"count":1,"href":"https:\/\/calagranadella.com\/de\/wp-json\/wp\/v2\/posts\/1466\/revisions"}],"predecessor-version":[{"id":1467,"href":"https:\/\/calagranadella.com\/de\/wp-json\/wp\/v2\/posts\/1466\/revisions\/1467"}],"wp:featuredmedia":[{"embeddable":true,"href":"https:\/\/calagranadella.com\/de\/wp-json\/wp\/v2\/media\/821"}],"wp:attachment":[{"href":"https:\/\/calagranadella.com\/de\/wp-json\/wp\/v2\/media?parent=1466"}],"wp:term":[{"taxonomy":"category","embeddable":true,"href":"https:\/\/calagranadella.com\/de\/wp-json\/wp\/v2\/categories?post=1466"},{"taxonomy":"post_tag","embeddable":true,"href":"https:\/\/calagranadella.com\/de\/wp-json\/wp\/v2\/tags?post=1466"}],"curies":[{"name":"wp","href":"https:\/\/api.w.org\/{rel}","templated":true}]}}