{"id":1379,"date":"2023-03-20T16:53:18","date_gmt":"2023-03-20T14:53:18","guid":{"rendered":"https:\/\/calagranadella.com\/cala-portixol-o-granadella\/"},"modified":"2024-08-30T15:41:07","modified_gmt":"2024-08-30T13:41:07","slug":"cala-portixol-o-granadella","status":"publish","type":"post","link":"https:\/\/calagranadella.com\/fr\/cala-portixol-o-granadella\/","title":{"rendered":"Portitxol ou l&rsquo;anse de Granadella"},"content":{"rendered":"<p>[vc_row][vc_column][vc_column_text]<\/p>\n<p style=\"text-align: justify;\"><span style=\"font-weight: 400;\">Bienvenue sur le blog de Cala Granadella. Aujourd&rsquo;hui, nous allons parler de deux des plus belles criques de la Costa Blanca, Cala Portixol et Cala Granadella. Toutes deux sont situ\u00e9es dans la province d&rsquo;Alicante, dans la communaut\u00e9 autonome de Valence, en Espagne.  <\/span><\/p>\n<h2 style=\"text-align: justify;\"><span style=\"font-weight: 400;\">Connaissez-vous les criques de Portixol et de Granadella ?<\/span><\/h2>\n<p style=\"text-align: justify;\"><span style=\"font-weight: 400;\">Cala Portxol est une petite crique aux eaux cristallines situ\u00e9e sur la c\u00f4te nord de la province d&rsquo;Alicante, \u00e0 quelques kilom\u00e8tres de la ville de J\u00e1vea. C&rsquo;est un endroit id\u00e9al pour ceux qui recherchent une atmosph\u00e8re calme et relaxante dans un environnement naturel unique. Ses eaux sont parfaites pour la baignade, la plong\u00e9e et le snorkeling. Elle poss\u00e8de \u00e9galement un petit port de p\u00eache qui lui conf\u00e8re un charme particulier.   <\/span><\/p>\n<p style=\"text-align: justify;\"><span style=\"font-weight: 400;\">La Cala Granadella, quant \u00e0 elle, est une plage de sable fin et d&rsquo;eaux cristallines situ\u00e9e sur la c\u00f4te sud de la province d&rsquo;Alicante, \u00e0 environ 10 kilom\u00e8tres de la ville de J\u00e1vea. Cette plage est entour\u00e9e d&rsquo;un paysage magnifique, avec des falaises abruptes et des pins m\u00e9diterran\u00e9ens. C&rsquo;est l&rsquo;une des plages les plus populaires de la r\u00e9gion en raison de sa beaut\u00e9 naturelle et du large \u00e9ventail de services qu&rsquo;elle offre, tels que la location de chaises longues, de parasols et d&rsquo;\u00e9quipements de sports nautiques.  <\/span><\/p>\n<p style=\"text-align: justify;\"><span style=\"font-weight: 400;\">Si les deux plages sont magnifiques et offrent une exp\u00e9rience unique, chacune a sa propre personnalit\u00e9 et son propre attrait. Ci-dessous, nous allons les examiner de plus pr\u00e8s. <\/span><\/p>\n<p style=\"text-align: justify;\"><!-- \/wp:post-content --><\/p>\n<p style=\"text-align: justify;\"><!-- wp:spacer {\"height\":\"60px\"} \/--><\/p>\n<p><!-- wp:paragraph \/--><\/p>\n<p>[\/vc_column_text][vc_column_text]<\/p>\n<h2 style=\"text-align: justify;\"><span style=\"font-weight: 400;\">Cala Portitxol<\/span><\/h2>\n<p style=\"text-align: justify;\"><span style=\"font-weight: 400;\">La Cala Portixol est une crique de sable et de gravier situ\u00e9e entre les montagnes de la r\u00e9serve naturelle du Cabo de San Antonio. Il s&rsquo;agit d&rsquo;une petite plage d&rsquo;\u00e0 peine 100 m\u00e8tres de long, mais sa beaut\u00e9 est \u00e0 couper le souffle. Depuis la plage, vous pourrez profiter d&rsquo;une vue imprenable sur la baie de J\u00e1vea, surtout au coucher du soleil.  <\/span><\/p>\n<p style=\"text-align: justify;\"><span style=\"font-weight: 400;\">L&rsquo;une des raisons pour lesquelles cette plage est si populaire aupr\u00e8s des visiteurs est son atmosph\u00e8re calme et d\u00e9tendue. La crique n&rsquo;est pas tr\u00e8s fr\u00e9quent\u00e9e, ce qui en fait un endroit id\u00e9al pour profiter d&rsquo;une journ\u00e9e \u00e0 la plage sans les foules d&rsquo;autres destinations touristiques plus populaires. <\/span><\/p>\n<p style=\"text-align: justify;\"><span style=\"font-weight: 400;\">Outre la plage elle-m\u00eame, Cala Portxol pr\u00e9sente un autre attrait : son petit port de p\u00eache, o\u00f9 l&rsquo;on peut voir les bateaux de p\u00eache traditionnels utilis\u00e9s dans la r\u00e9gion. On y trouve \u00e9galement plusieurs restaurants proposant une grande vari\u00e9t\u00e9 de plats m\u00e9diterran\u00e9ens. <\/span><\/p>\n<h2 style=\"text-align: justify;\"><span style=\"font-weight: 400;\">Cala Granadella<\/span><\/h2>\n<p style=\"text-align: justify;\"><span style=\"font-weight: 400;\">La Cala Granadella est une plage de sable fin et d&rsquo;eaux cristallines situ\u00e9e dans un cadre naturel exceptionnel. Elle est entour\u00e9e de falaises calcaires et de pins m\u00e9diterran\u00e9ens qui lui conf\u00e8rent un air de tranquillit\u00e9 et une beaut\u00e9 incomparable. <\/span><\/p>\n<p style=\"text-align: justify;\"><span style=\"font-weight: 400;\">Malgr\u00e9 sa popularit\u00e9, la plage n&rsquo;est pas surpeupl\u00e9e et conserve un sentiment d&rsquo;exclusivit\u00e9. La plage est connue pour ses eaux cristallines et l&rsquo;abondance de la vie marine, ce qui en fait une destination id\u00e9ale pour les amateurs de plong\u00e9e avec masque et tuba et de plong\u00e9e sous-marine. <\/span><\/p>\n<p style=\"text-align: justify;\"><span style=\"font-weight: 400;\">La plage dispose d&rsquo;un large \u00e9ventail de services, tels que des chaises longues, des parasols, des douches et des services de sports nautiques tels que le paddle surfing, le<\/span> <a href=\"https:\/\/calagranadella.com\/fr\/activites\/kayak\/\"><span style=\"font-weight: 400;\">kayak et la plong\u00e9e avec masque<\/span><\/a> <span style=\"font-weight: 400;\">et<\/span> <a href=\"https:\/\/calagranadella.com\/fr\/activites\/tuba\/\"><span style=\"font-weight: 400;\">tuba dans la baie de Granadella.<\/span><\/a><span style=\"font-weight: 400;\">.<br \/>\nTe dejamos aqu\u00ed todas las   <\/span><a href=\"https:\/\/calagranadella.com\/fr\/activites\/\"><span style=\"font-weight: 400;\">activit\u00e9s \u00e0 pratiquer \u00e0 Granadella Cove<\/span><\/a><span style=\"font-weight: 400;\">.<br \/>\nAdem\u00e1s, hay varios restaurantes y bares en la playa que ofrecen una amplia variedad de platos de la gastronom\u00eda local. <\/span><\/p>\n<p style=\"text-align: justify;\"><span style=\"font-weight: 400;\">Cala Granadella est l&rsquo;une des plus belles plages de la Costa Blanca et a re\u00e7u le drapeau bleu, qui reconna\u00eet la qualit\u00e9 de ses eaux et de ses services. Malgr\u00e9 sa popularit\u00e9, elle reste un endroit calme et d\u00e9tendu, id\u00e9al pour une journ\u00e9e en famille ou entre amis. <\/span><\/p>\n<p style=\"text-align: justify;\"><span style=\"font-weight: 400;\">En conclusion, Cala Portixol et Cala Granadella sont deux des plus belles plages de la Costa Blanca. Chacune a sa propre personnalit\u00e9 et son propre attrait, mais toutes deux offrent une exp\u00e9rience unique dans un cadre naturel \u00e9poustouflant. <\/span><\/p>\n<p>&nbsp;<\/p>\n<p>[\/vc_column_text][\/vc_column][\/vc_row][vc_row][vc_column]<div id=\"ultimate-heading-601769ee5b0daff77\" class=\"uvc-heading ult-adjust-bottom-margin ultimate-heading-601769ee5b0daff77 uvc-3257 \" data-hspacer=\"no_spacer\"  data-halign=\"center\" style=\"text-align:center\"><div class=\"uvc-heading-spacer no_spacer\" style=\"top\"><\/div><div class=\"uvc-main-heading ult-responsive\"  data-ultimate-target='.uvc-heading.ultimate-heading-601769ee5b0daff77 h2'  data-responsive-json-new='{\"font-size\":\"\",\"line-height\":\"\"}' ><h2 style=\"font-weight:normal;margin-top:20px;margin-bottom:20px;\">Activit\u00e9s pr\u00e8s de Granadella<\/h2><\/div><\/div>[\/vc_column][\/vc_row][vc_row][vc_column width=\u00a0\u00bb1\/3&Prime;][vc_single_image image=\u00a0\u00bb661&Prime; img_size=\u00a0\u00bbfull\u00a0\u00bb alignment=\u00a0\u00bbcenter\u00a0\u00bb onclick=\u00a0\u00bbcustom_link\u00a0\u00bb link=\u00a0\u00bbhttps:\/\/marinalia.es\/deporte-y-aventura\/excursiones-en-el-mar\/excursiones-en-barco\/639-excursion-barco-javea-a-los-3-cabos.html\u00a0\u00bb][vc_single_image image=\u00a0\u00bb659&Prime; img_size=\u00a0\u00bbfull\u00a0\u00bb alignment=\u00a0\u00bbcenter\u00a0\u00bb onclick=\u00a0\u00bbcustom_link\u00a0\u00bb link=\u00a0\u00bbhttps:\/\/marinalia.es\/deporte-y-aventura\/deportes-acuaticos\/518-alquiler-de-paddle-surf-en-javea.html\u00a0\u00bb][\/vc_column][vc_column width=\u00a0\u00bb1\/3&Prime;][vc_single_image image=\u00a0\u00bb655&Prime; img_size=\u00a0\u00bbfull\u00a0\u00bb alignment=\u00a0\u00bbcenter\u00a0\u00bb onclick=\u00a0\u00bbcustom_link\u00a0\u00bb link=\u00a0\u00bbhttps:\/\/marinalia.es\/deporte-y-aventura\/excursiones-en-el-mar\/atardecer-barco\/647-puesta-de-sol-barco-javea.html\u00a0\u00bb][vc_single_image image=\u00a0\u00bb667&Prime; img_size=\u00a0\u00bbfull\u00a0\u00bb alignment=\u00a0\u00bbcenter\u00a0\u00bb onclick=\u00a0\u00bbcustom_link\u00a0\u00bb link=\u00a0\u00bbhttps:\/\/marinalia.es\/deporte-y-aventura\/deportes-acuaticos\/buceo-y-snorkel\/14-excursion-en-barco-al-cabo-la-nao-y-snorkeling.html\u00a0\u00bb][\/vc_column][vc_column width=\u00a0\u00bb1\/3&Prime;][vc_single_image image=\u00a0\u00bb656&Prime; img_size=\u00a0\u00bbfull\u00a0\u00bb alignment=\u00a0\u00bbcenter\u00a0\u00bb onclick=\u00a0\u00bbcustom_link\u00a0\u00bb link=\u00a0\u00bbhttps:\/\/marinalia.es\/deporte-y-aventura\/deportes-acuaticos\/buceo-y-snorkel\/640-paseo-catamaran-javea.html\u00a0\u00bb][vc_single_image image=\u00a0\u00bb654&Prime; img_size=\u00a0\u00bbfull\u00a0\u00bb alignment=\u00a0\u00bbcenter\u00a0\u00bb onclick=\u00a0\u00bbcustom_link\u00a0\u00bb link=\u00a0\u00bbhttps:\/\/marinalia.es\/deporte-y-aventura\/excursiones-en-el-mar\/excursiones-en-kayak\/1144-excursion-kayak-cala-tango-javea.html\u00a0\u00bb][\/vc_column][\/vc_row]<\/p>\n\n<div style=\"font-size: 0px; height: 0px; line-height: 0px; margin: 0; padding: 0; clear: both;\"><\/div>","protected":false},"excerpt":{"rendered":"<p>[vc_row][vc_column][vc_column_text] Bienvenue sur le blog de Cala Granadella. Aujourd&rsquo;hui, nous allons parler de deux des plus belles criques de la Costa Blanca, Cala Portixol et Cala Granadella. Toutes deux sont situ\u00e9es dans la province d&rsquo;Alicante, dans la communaut\u00e9 autonome de Valence, en Espagne. Connaissez-vous les criques de Portixol et de Granadella ? Cala Portxol est&hellip;<\/p>\n","protected":false},"author":1,"featured_media":896,"comment_status":"closed","ping_status":"closed","sticky":false,"template":"","format":"standard","meta":{"_joinchat":[],"footnotes":""},"categories":[32],"tags":[],"class_list":["post-1379","post","type-post","status-publish","format-standard","has-post-thumbnail","hentry","category-blog-fr","category-32","description-off"],"_links":{"self":[{"href":"https:\/\/calagranadella.com\/fr\/wp-json\/wp\/v2\/posts\/1379","targetHints":{"allow":["GET"]}}],"collection":[{"href":"https:\/\/calagranadella.com\/fr\/wp-json\/wp\/v2\/posts"}],"about":[{"href":"https:\/\/calagranadella.com\/fr\/wp-json\/wp\/v2\/types\/post"}],"author":[{"embeddable":true,"href":"https:\/\/calagranadella.com\/fr\/wp-json\/wp\/v2\/users\/1"}],"replies":[{"embeddable":true,"href":"https:\/\/calagranadella.com\/fr\/wp-json\/wp\/v2\/comments?post=1379"}],"version-history":[{"count":1,"href":"https:\/\/calagranadella.com\/fr\/wp-json\/wp\/v2\/posts\/1379\/revisions"}],"predecessor-version":[{"id":1380,"href":"https:\/\/calagranadella.com\/fr\/wp-json\/wp\/v2\/posts\/1379\/revisions\/1380"}],"wp:featuredmedia":[{"embeddable":true,"href":"https:\/\/calagranadella.com\/fr\/wp-json\/wp\/v2\/media\/896"}],"wp:attachment":[{"href":"https:\/\/calagranadella.com\/fr\/wp-json\/wp\/v2\/media?parent=1379"}],"wp:term":[{"taxonomy":"category","embeddable":true,"href":"https:\/\/calagranadella.com\/fr\/wp-json\/wp\/v2\/categories?post=1379"},{"taxonomy":"post_tag","embeddable":true,"href":"https:\/\/calagranadella.com\/fr\/wp-json\/wp\/v2\/tags?post=1379"}],"curies":[{"name":"wp","href":"https:\/\/api.w.org\/{rel}","templated":true}]}}