{"id":1426,"date":"2023-01-19T15:39:05","date_gmt":"2023-01-19T13:39:05","guid":{"rendered":"https:\/\/calagranadella.com\/carte\/"},"modified":"2024-09-04T16:42:35","modified_gmt":"2024-09-04T14:42:35","slug":"carte","status":"publish","type":"post","link":"https:\/\/calagranadella.com\/fr\/carte\/","title":{"rendered":"Carte"},"content":{"rendered":"\n<p>La crique de Granadella est une plage situ\u00e9e \u00e0 Javea, ville c\u00f4ti\u00e8re du nord de la province d&rsquo;Alicante, dans la communaut\u00e9 autonome de Valence, en Espagne. Elle est situ\u00e9e dans une baie entour\u00e9e de falaises et de v\u00e9g\u00e9tation, et est consid\u00e9r\u00e9e comme l&rsquo;une des plus belles plages de la r\u00e9gion. L&rsquo;acc\u00e8s se fait par un sentier panoramique depuis le parking situ\u00e9 en haut de la plage, ou par un sentier p\u00e9destre. La plage est compos\u00e9e de sable et de galets et dispose d&rsquo;installations telles que des restaurants et des locations de parasols et de chaises longues.   <\/p>\n\n<div style=\"height:46px\" aria-hidden=\"true\" class=\"wp-block-spacer\"><\/div>\n\n<h2 class=\"wp-block-heading\">Carte de Granadella Cove<\/h2>\n\n<iframe src=\"https:\/\/www.google.com\/maps\/embed?pb=!1m18!1m12!1m3!1d3785.4523729329962!2d0.19485791561254248!3d38.729578364423396!2m3!1f0!2f0!3f0!3m2!1i1024!2i768!4f13.1!3m3!1m2!1s0x129e0931da26f5df%3A0xf3dabf3f9151034f!2sPlaya%20de%20la%20Granadella!5e1!3m2!1ses!2ses!4v1674138962545!5m2!1ses!2ses\" width=\"600\" height=\"450\" style=\"border:0;\" allowfullscreen=\"\" loading=\"lazy\" referrerpolicy=\"no-referrer-when-downgrade\"><\/iframe>\n\n<div style=\"height:53px\" aria-hidden=\"true\" class=\"wp-block-spacer\"><\/div>\n\n<div style=\"height:60px\" aria-hidden=\"true\" class=\"wp-block-spacer\"><\/div>\n\n<p><\/p>\n\n<div style=\"font-size: 0px; height: 0px; line-height: 0px; margin: 0; padding: 0; clear: both;\"><\/div>","protected":false},"excerpt":{"rendered":"<p>La crique de Granadella est une plage situ\u00e9e \u00e0 Javea, ville c\u00f4ti\u00e8re du nord de la province d&rsquo;Alicante, dans la communaut\u00e9 autonome de Valence, en Espagne. Elle est situ\u00e9e dans une baie entour\u00e9e de falaises et de v\u00e9g\u00e9tation, et est consid\u00e9r\u00e9e comme l&rsquo;une des plus belles plages de la r\u00e9gion. L&rsquo;acc\u00e8s se fait par un&hellip;<\/p>\n","protected":false},"author":1,"featured_media":836,"comment_status":"closed","ping_status":"closed","sticky":false,"template":"","format":"standard","meta":{"_joinchat":[],"footnotes":""},"categories":[32],"tags":[],"class_list":["post-1426","post","type-post","status-publish","format-standard","has-post-thumbnail","hentry","category-blog-fr","category-32","description-off"],"_links":{"self":[{"href":"https:\/\/calagranadella.com\/fr\/wp-json\/wp\/v2\/posts\/1426","targetHints":{"allow":["GET"]}}],"collection":[{"href":"https:\/\/calagranadella.com\/fr\/wp-json\/wp\/v2\/posts"}],"about":[{"href":"https:\/\/calagranadella.com\/fr\/wp-json\/wp\/v2\/types\/post"}],"author":[{"embeddable":true,"href":"https:\/\/calagranadella.com\/fr\/wp-json\/wp\/v2\/users\/1"}],"replies":[{"embeddable":true,"href":"https:\/\/calagranadella.com\/fr\/wp-json\/wp\/v2\/comments?post=1426"}],"version-history":[{"count":1,"href":"https:\/\/calagranadella.com\/fr\/wp-json\/wp\/v2\/posts\/1426\/revisions"}],"predecessor-version":[{"id":1427,"href":"https:\/\/calagranadella.com\/fr\/wp-json\/wp\/v2\/posts\/1426\/revisions\/1427"}],"wp:featuredmedia":[{"embeddable":true,"href":"https:\/\/calagranadella.com\/fr\/wp-json\/wp\/v2\/media\/836"}],"wp:attachment":[{"href":"https:\/\/calagranadella.com\/fr\/wp-json\/wp\/v2\/media?parent=1426"}],"wp:term":[{"taxonomy":"category","embeddable":true,"href":"https:\/\/calagranadella.com\/fr\/wp-json\/wp\/v2\/categories?post=1426"},{"taxonomy":"post_tag","embeddable":true,"href":"https:\/\/calagranadella.com\/fr\/wp-json\/wp\/v2\/tags?post=1426"}],"curies":[{"name":"wp","href":"https:\/\/api.w.org\/{rel}","templated":true}]}}