{"id":1436,"date":"2022-12-02T12:55:30","date_gmt":"2022-12-02T10:55:30","guid":{"rendered":"https:\/\/calagranadella.com\/point-de-vue\/"},"modified":"2024-09-05T15:53:18","modified_gmt":"2024-09-05T13:53:18","slug":"point-de-vue","status":"publish","type":"post","link":"https:\/\/calagranadella.com\/fr\/point-de-vue\/","title":{"rendered":"Point de vue Cala Granadella"},"content":{"rendered":"\n<p>Le belv\u00e9d\u00e8re de la Granadella est situ\u00e9 \u00e0 c\u00f4t\u00e9 du ch\u00e2teau de la Granadella. L&rsquo;acc\u00e8s au belv\u00e9d\u00e8re de la Granadella est le point de d\u00e9part de l&rsquo;itin\u00e9raire menant au ch\u00e2teau. Nous vous recommandons donc de suivre les indications de la route du ch\u00e2teau de la Grandella pour acc\u00e9der au belv\u00e9d\u00e8re.  <\/p>\n\n<p>Le ch\u00e2teau de la Granadella est une forteresse du XVIIIe si\u00e8cle qui fait partie du syst\u00e8me d\u00e9fensif de la c\u00f4te du Royaume de Valence. Depuis 1996, il est d\u00e9clar\u00e9 Bien d&rsquo;int\u00e9r\u00eat culturel (BIC). Bien qu&rsquo;il s&rsquo;agisse du seul endroit de la c\u00f4te de J\u00e1vea appartenant \u00e0 l&rsquo;\u00c9tat, il est malheureusement en mauvais \u00e9tat.  <\/p>\n<div class=\"wp-block-image\">\n<figure class=\"aligncenter size-full\"><img loading=\"lazy\" decoding=\"async\" width=\"700\" height=\"392\" src=\"https:\/\/calagranadella.com\/wp-content\/uploads\/2022\/12\/Castell-Granadella-1.jpg\" alt=\"\" class=\"wp-image-418\" srcset=\"https:\/\/calagranadella.com\/wp-content\/uploads\/2022\/12\/Castell-Granadella-1.jpg 700w, https:\/\/calagranadella.com\/wp-content\/uploads\/2022\/12\/Castell-Granadella-1-300x168.jpg 300w\" sizes=\"auto, (max-width: 700px) 100vw, 700px\" \/><figcaption class=\"wp-element-caption\">Photo propri\u00e9t\u00e9 de xabiaaldia<\/figcaption><\/figure>\n<\/div>\n<p>Le ch\u00e2teau de Granadella est situ\u00e9 sur le Morro del Castillo, une pointe rocheuse qui ferme la baie de Granadella au sud. C&rsquo;est la r\u00e9gion la plus m\u00e9ridionale de Javea. On peut y acc\u00e9der \u00e0 pied depuis le Camino Viejo del Morro del Castillo.  <\/p>\n\n<div style=\"height:53px\" aria-hidden=\"true\" class=\"wp-block-spacer\"><\/div>\n\n<h2 class=\"wp-block-heading\">Itin\u00e9raires du point de vue de la Granadella<\/h2>\n\n<p>Du point de vue de la crique de la Granadella (sentiers PR CV 354 et 355)<\/p>\n\n<iframe loading=\"lazy\" frameborder=\"0\" scrolling=\"no\" src=\"https:\/\/es.wikiloc.com\/wikiloc\/spatialArtifacts.do?event=view&#038;id=63222258&#038;measures=off&#038;title=off&#038;near=off&#038;images=off&#038;maptype=H\" width=\"1200\" height=\"400\"><\/iframe><div style=\"color:#777;font-size:11px;line-height:16px;\">Propuls\u00e9 par <a style=\"color:#06d;font-size:11px;line-height:16px;\" target=\"_blank\" href=\"https:\/\/es.wikiloc.com\" rel=\"noopener\">Wikiloc<\/a><\/div>\n\n<div style=\"height:60px\" aria-hidden=\"true\" class=\"wp-block-spacer\"><\/div>\n\n<p><\/p>\n\n<div style=\"font-size: 0px; height: 0px; line-height: 0px; margin: 0; padding: 0; clear: both;\"><\/div>","protected":false},"excerpt":{"rendered":"<p>Le belv\u00e9d\u00e8re de la Granadella est situ\u00e9 \u00e0 c\u00f4t\u00e9 du ch\u00e2teau de la Granadella. L&rsquo;acc\u00e8s au belv\u00e9d\u00e8re de la Granadella est le point de d\u00e9part de l&rsquo;itin\u00e9raire menant au ch\u00e2teau. Nous vous recommandons donc de suivre les indications de la route du ch\u00e2teau de la Grandella pour acc\u00e9der au belv\u00e9d\u00e8re. Le ch\u00e2teau de la Granadella&hellip;<\/p>\n","protected":false},"author":1,"featured_media":820,"comment_status":"closed","ping_status":"closed","sticky":false,"template":"","format":"standard","meta":{"_joinchat":[],"footnotes":""},"categories":[32],"tags":[],"class_list":["post-1436","post","type-post","status-publish","format-standard","has-post-thumbnail","hentry","category-blog-fr","category-32","description-off"],"_links":{"self":[{"href":"https:\/\/calagranadella.com\/fr\/wp-json\/wp\/v2\/posts\/1436","targetHints":{"allow":["GET"]}}],"collection":[{"href":"https:\/\/calagranadella.com\/fr\/wp-json\/wp\/v2\/posts"}],"about":[{"href":"https:\/\/calagranadella.com\/fr\/wp-json\/wp\/v2\/types\/post"}],"author":[{"embeddable":true,"href":"https:\/\/calagranadella.com\/fr\/wp-json\/wp\/v2\/users\/1"}],"replies":[{"embeddable":true,"href":"https:\/\/calagranadella.com\/fr\/wp-json\/wp\/v2\/comments?post=1436"}],"version-history":[{"count":1,"href":"https:\/\/calagranadella.com\/fr\/wp-json\/wp\/v2\/posts\/1436\/revisions"}],"predecessor-version":[{"id":1437,"href":"https:\/\/calagranadella.com\/fr\/wp-json\/wp\/v2\/posts\/1436\/revisions\/1437"}],"wp:featuredmedia":[{"embeddable":true,"href":"https:\/\/calagranadella.com\/fr\/wp-json\/wp\/v2\/media\/820"}],"wp:attachment":[{"href":"https:\/\/calagranadella.com\/fr\/wp-json\/wp\/v2\/media?parent=1436"}],"wp:term":[{"taxonomy":"category","embeddable":true,"href":"https:\/\/calagranadella.com\/fr\/wp-json\/wp\/v2\/categories?post=1436"},{"taxonomy":"post_tag","embeddable":true,"href":"https:\/\/calagranadella.com\/fr\/wp-json\/wp\/v2\/tags?post=1436"}],"curies":[{"name":"wp","href":"https:\/\/api.w.org\/{rel}","templated":true}]}}