{"id":1441,"date":"2022-11-22T15:33:35","date_gmt":"2022-11-22T13:33:35","guid":{"rendered":"https:\/\/calagranadella.com\/cala-granadella-aujourdhui\/"},"modified":"2024-09-05T16:02:12","modified_gmt":"2024-09-05T14:02:12","slug":"cala-granadella-aujourdhui","status":"publish","type":"post","link":"https:\/\/calagranadella.com\/fr\/cala-granadella-aujourdhui\/","title":{"rendered":"Granadella Cove aujourd&rsquo;hui"},"content":{"rendered":"<p>[vc_row][vc_column][vc_column_text]<span style=\"font-weight: 400;\">Voulez-vous conna\u00eetre l&rsquo;\u00e9tat de la crique de Granadella aujourd&rsquo;hui ? Sur cette page, nous vous fournissons les conditions maritimes et m\u00e9t\u00e9orologiques du jour \u00e0 Granadella. <\/span><\/p>\n<p>&nbsp;<\/p>\n<p><span style=\"font-weight: 400;\">La v\u00e9rit\u00e9 est que la Granadella est g\u00e9n\u00e9ralement une crique aux eaux assez calmes, principalement le matin. Apr\u00e8s le d\u00e9jeuner, il y a des jours o\u00f9, en raison de la m\u00e9t\u00e9o, il y a quelques vagues, mais dans le graphique ci-dessous, vous pouvez voir plus en d\u00e9tail \u00e0 quoi ressemble vraiment la Granadella aujourd&rsquo;hui. <\/span>[\/vc_column_text][\/vc_column][\/vc_row][vc_row][vc_column][vc_raw_html]PHNjcmlwdCBzcmM9Imh0dHBzOi8vZXMud2luZGZpbmRlci5jb20vd2lkZ2V0L2ZvcmVjYXN0L2pzL2xhX2dyYW5hZGVsbGE\/dW5pdF93YXZlPW0mYW1wO3VuaXRfcmFpbj1tbSZhbXA7dW5pdF90ZW1wZXJhdHVyZT1jJmFtcDt1bml0X3dpbmQ9a3RzJmFtcDt1bml0X3ByZXNzdXJlPWhQYSZhbXA7ZGF5cz00JmFtcDtzaG93X2RheT0xJmFtcDtzaG93X3ByZXNzdXJlPTAiPjwvc2NyaXB0Pjxub3NjcmlwdD48YSByZWw9Im5vZm9sbG93IiBocmVmPSJodHRwczovL3d3dy53aW5kZmluZGVyLmNvbS9mb3JlY2FzdC9sYV9ncmFuYWRlbGxhP3V0bV9zb3VyY2U9Zm9yZWNhc3QmYW1wO3V0bV9tZWRpdW09d2ViJmFtcDt1dG1fY2FtcGFpZ249aG9tZXBhZ2V3ZWF0aGVyJmFtcDt1dG1fY29udGVudD1ub3NjcmlwdC1mb3JlY2FzdCI+UHLDqXZpc2lvbnMgZGUgdmVudCBwb3VyIExhIEdyYW5hZGVsbGE8L2E+IGZvdXJuaWVzIHBhciA8YSByZWw9Im5vZm9sbG93IiBocmVmPSJodHRwczovL3d3dy53aW5kZmluZGVyLmNvbT91dG1fc291cmNlPWZvcmVjYXN0JmFtcDt1dG1fbWVkaXVtPXdlYiZhbXA7dXRtX2NhbXBhaWduPWhvbWVwYWdld2VhdGhlciZhbXA7dXRtX2NvbnRlbnQ9bm9zY3JpcHQtbG9nbyI+d2luZGZpbmRlci5jb208L2E+PC9ub3NjcmlwdD4=[\/vc_raw_html][\/vc_column][\/vc_row][vc_row][vc_column]<div id=\"ultimate-heading-72069eeced02b92d\" class=\"uvc-heading ult-adjust-bottom-margin ultimate-heading-72069eeced02b92d uvc-9818 \" data-hspacer=\"no_spacer\"  data-halign=\"center\" style=\"text-align:center\"><div class=\"uvc-heading-spacer no_spacer\" style=\"top\"><\/div><div class=\"uvc-main-heading ult-responsive\"  data-ultimate-target='.uvc-heading.ultimate-heading-72069eeced02b92d h2'  data-responsive-json-new='{\"font-size\":\"\",\"line-height\":\"\"}' ><h2 style=\"font-weight:normal;\">Le temps \u00e0 Cala Granadella aujourd&apos;hui<\/h2><\/div><\/div>[vc_column_text]<span style=\"font-weight: 400;\">La situation m\u00e9t\u00e9orologique de Granadella Cove aujourd&rsquo;hui peut \u00eatre vue en d\u00e9tail dans le graphique ci-dessous. Examinez en d\u00e9tail les pr\u00e9visions et vous serez en mesure de voir de premi\u00e8re main l&rsquo;\u00e9tat actuel de la Granadella Cove aujourd&rsquo;hui. <\/span>[\/vc_column_text][vc_raw_html]PGlmcmFtZSBzcmM9Imh0dHBzOi8vd2lzdWtpLmNvbS93aWRnZXQtZGV0YWlscz9zcG90PTg4NjEmYW1wO2xhbmc9ZXMmYW1wO3Nwb3RpbmZvPTEiIHN0eWxlPSJib3JkZXI6IDA7IHdpZHRoOiAxMDAlOyBoZWlnaHQ6IDUzMHB4OyIgZnJhbWVib3JkZXI9IjAiPjwvaWZyYW1lPg==[\/vc_raw_html][vc_empty_space][\/vc_column][\/vc_row][vc_row][vc_column][vc_raw_html]PHNjcmlwdCBhc3luYyBzcmM9Imh0dHBzOi8vcGFnZWFkMi5nb29nbGVzeW5kaWNhdGlvbi5jb20vcGFnZWFkL2pzL2Fkc2J5Z29vZ2xlLmpzP2NsaWVudD1jYS1wdWItMjIxMjQwNTMzMjY4ODYyOCIgY3Jvc3NvcmlnaW49ImFub255bW91cyI+PC9zY3JpcHQ+PGlucyBjbGFzcz0iYWRzYnlnb29nbGUiIHN0eWxlPSJkaXNwbGF5OmJsb2NrIiBkYXRhLWFkLWZvcm1hdD0iYXV0b3JlbGF4ZWQiIGRhdGEtYWQtY2xpZW50PSJjYS1wdWItMjIxMjQwNTMzMjY4ODYyOCIgZGF0YS1hZC1zbG90PSIxMDAwOTU1Mzk1Ij48L2lucz48c2NyaXB0PihhZHNieWdvb2dsZSA9IHdpbmRvdy5hZHNieWdvb2dsZSB8fCBbXSkucHVzaCh7fSk7Cjwvc2NyaXB0Pg==[\/vc_raw_html][\/vc_column][\/vc_row]<\/p>\n\n<div style=\"font-size: 0px; height: 0px; line-height: 0px; margin: 0; padding: 0; clear: both;\"><\/div>","protected":false},"excerpt":{"rendered":"<p>[vc_row][vc_column][vc_column_text]Voulez-vous conna\u00eetre l&rsquo;\u00e9tat de la crique de Granadella aujourd&rsquo;hui ? Sur cette page, nous vous fournissons les conditions maritimes et m\u00e9t\u00e9orologiques du jour \u00e0 Granadella. &nbsp; La v\u00e9rit\u00e9 est que la Granadella est g\u00e9n\u00e9ralement une crique aux eaux assez calmes, principalement le matin. Apr\u00e8s le d\u00e9jeuner, il y a des jours o\u00f9, en raison de&hellip;<\/p>\n","protected":false},"author":1,"featured_media":756,"comment_status":"closed","ping_status":"closed","sticky":false,"template":"","format":"standard","meta":{"_joinchat":[],"footnotes":""},"categories":[32],"tags":[],"class_list":["post-1441","post","type-post","status-publish","format-standard","has-post-thumbnail","hentry","category-blog-fr","category-32","description-off"],"_links":{"self":[{"href":"https:\/\/calagranadella.com\/fr\/wp-json\/wp\/v2\/posts\/1441","targetHints":{"allow":["GET"]}}],"collection":[{"href":"https:\/\/calagranadella.com\/fr\/wp-json\/wp\/v2\/posts"}],"about":[{"href":"https:\/\/calagranadella.com\/fr\/wp-json\/wp\/v2\/types\/post"}],"author":[{"embeddable":true,"href":"https:\/\/calagranadella.com\/fr\/wp-json\/wp\/v2\/users\/1"}],"replies":[{"embeddable":true,"href":"https:\/\/calagranadella.com\/fr\/wp-json\/wp\/v2\/comments?post=1441"}],"version-history":[{"count":2,"href":"https:\/\/calagranadella.com\/fr\/wp-json\/wp\/v2\/posts\/1441\/revisions"}],"predecessor-version":[{"id":1443,"href":"https:\/\/calagranadella.com\/fr\/wp-json\/wp\/v2\/posts\/1441\/revisions\/1443"}],"wp:featuredmedia":[{"embeddable":true,"href":"https:\/\/calagranadella.com\/fr\/wp-json\/wp\/v2\/media\/756"}],"wp:attachment":[{"href":"https:\/\/calagranadella.com\/fr\/wp-json\/wp\/v2\/media?parent=1441"}],"wp:term":[{"taxonomy":"category","embeddable":true,"href":"https:\/\/calagranadella.com\/fr\/wp-json\/wp\/v2\/categories?post=1441"},{"taxonomy":"post_tag","embeddable":true,"href":"https:\/\/calagranadella.com\/fr\/wp-json\/wp\/v2\/tags?post=1441"}],"curies":[{"name":"wp","href":"https:\/\/api.w.org\/{rel}","templated":true}]}}